{"id":6860,"date":"2024-05-31T17:19:33","date_gmt":"2024-05-31T15:19:33","guid":{"rendered":"https:\/\/lumiere.filles-de-la-charite.org\/?p=6860"},"modified":"2024-06-04T15:10:19","modified_gmt":"2024-06-04T13:10:19","slug":"closing-of-the-jubilee-year-of-the-lumiere-of-pentecost","status":"publish","type":"post","link":"https:\/\/lumiere.filles-de-la-charite.org\/es\/closing-of-the-jubilee-year-of-the-lumiere-of-pentecost\/","title":{"rendered":"Clausura del a\u00f1o jubilar de la luz de Pentecost\u00e9s"},"content":{"rendered":"\n<figure class=\"wp-block-embed is-type-video is-provider-youtube wp-block-embed-youtube wp-embed-aspect-16-9 wp-has-aspect-ratio\"><div class=\"wp-block-embed__wrapper\">\n<iframe loading=\"lazy\" title=\"Cl\u00f4ture de l&#039;ann\u00e9e jubilaire de la Lumi\u00e8re\" width=\"1080\" height=\"608\" src=\"https:\/\/www.youtube.com\/embed\/ooBvF_ZqANc?feature=oembed\"  allow=\"accelerometer; autoplay; clipboard-write; encrypted-media; gyroscope; picture-in-picture; web-share\" referrerpolicy=\"strict-origin-when-cross-origin\" allowfullscreen><\/iframe>\n<\/div><\/figure>\n\n\n\n<p><\/p>\n\n\n\n<div data-wp-interactive=\"core\/file\" class=\"wp-block-file\"><object data-wp-bind--hidden=\"!state.hasPdfPreview\" hidden class=\"wp-block-file__embed\" data=\"https:\/\/lumiere.filles-de-la-charite.org\/wp-content\/uploads\/2024\/05\/ES-celebration-cloture-1.pdf\" type=\"application\/pdf\" style=\"width:100%;height:600px\" aria-label=\"Incrustado de [ES] c\u00e9l\u00e9bration cl\u00f4ture.\"><\/object><a id=\"wp-block-file--media-dcede6d4-c487-4f14-a2a1-94eb1308d7f2\" href=\"https:\/\/lumiere.filles-de-la-charite.org\/wp-content\/uploads\/2024\/05\/ES-celebration-cloture-1.pdf\" target=\"_blank\" rel=\"noreferrer noopener\">[ES] c\u00e9l\u00e9bration cl\u00f4ture<\/a><\/div>\n\n\n\n<div data-wp-interactive=\"core\/file\" class=\"wp-block-file\"><object data-wp-bind--hidden=\"!state.hasPdfPreview\" hidden class=\"wp-block-file__embed\" data=\"https:\/\/lumiere.filles-de-la-charite.org\/wp-content\/uploads\/2024\/05\/ES-temoignage-4-juin-2024.pdf\" type=\"application\/pdf\" style=\"width:100%;height:600px\" aria-label=\"Incrustado de [ES] t\u00e9moignage 4 juin 2024.\"><\/object><a id=\"wp-block-file--media-925b27b8-b16f-467e-be1d-7dcd12cdbcb9\" href=\"https:\/\/lumiere.filles-de-la-charite.org\/wp-content\/uploads\/2024\/05\/ES-temoignage-4-juin-2024.pdf\" target=\"_blank\" rel=\"noreferrer noopener\">[ES] t\u00e9moignage 4 juin 2024<\/a><\/div>\n","protected":false},"excerpt":{"rendered":"","protected":false},"author":2,"featured_media":6854,"comment_status":"closed","ping_status":"closed","sticky":false,"template":"","format":"standard","meta":{"footnotes":""},"categories":[70,93,74],"tags":[],"class_list":["post-6860","post","type-post","status-publish","format-standard","has-post-thumbnail","hentry","category-destacado","category-programa","category-videos-en-es"],"_links":{"self":[{"href":"https:\/\/lumiere.filles-de-la-charite.org\/es\/wp-json\/wp\/v2\/posts\/6860","targetHints":{"allow":["GET"]}}],"collection":[{"href":"https:\/\/lumiere.filles-de-la-charite.org\/es\/wp-json\/wp\/v2\/posts"}],"about":[{"href":"https:\/\/lumiere.filles-de-la-charite.org\/es\/wp-json\/wp\/v2\/types\/post"}],"author":[{"embeddable":true,"href":"https:\/\/lumiere.filles-de-la-charite.org\/es\/wp-json\/wp\/v2\/users\/2"}],"replies":[{"embeddable":true,"href":"https:\/\/lumiere.filles-de-la-charite.org\/es\/wp-json\/wp\/v2\/comments?post=6860"}],"version-history":[{"count":12,"href":"https:\/\/lumiere.filles-de-la-charite.org\/es\/wp-json\/wp\/v2\/posts\/6860\/revisions"}],"predecessor-version":[{"id":7024,"href":"https:\/\/lumiere.filles-de-la-charite.org\/es\/wp-json\/wp\/v2\/posts\/6860\/revisions\/7024"}],"wp:featuredmedia":[{"embeddable":true,"href":"https:\/\/lumiere.filles-de-la-charite.org\/es\/wp-json\/wp\/v2\/media\/6854"}],"wp:attachment":[{"href":"https:\/\/lumiere.filles-de-la-charite.org\/es\/wp-json\/wp\/v2\/media?parent=6860"}],"wp:term":[{"taxonomy":"category","embeddable":true,"href":"https:\/\/lumiere.filles-de-la-charite.org\/es\/wp-json\/wp\/v2\/categories?post=6860"},{"taxonomy":"post_tag","embeddable":true,"href":"https:\/\/lumiere.filles-de-la-charite.org\/es\/wp-json\/wp\/v2\/tags?post=6860"}],"curies":[{"name":"wp","href":"https:\/\/api.w.org\/{rel}","templated":true}]}}