{"id":6856,"date":"2024-05-31T17:19:33","date_gmt":"2024-05-31T15:19:33","guid":{"rendered":"https:\/\/lumiere.filles-de-la-charite.org\/?p=6856"},"modified":"2024-06-04T15:10:00","modified_gmt":"2024-06-04T13:10:00","slug":"cloture-de-lannee-jubilaire-de-la-lumiere-de-pentecote","status":"publish","type":"post","link":"https:\/\/lumiere.filles-de-la-charite.org\/fr\/cloture-de-lannee-jubilaire-de-la-lumiere-de-pentecote\/","title":{"rendered":"Cl\u00f4ture de l\u2019ann\u00e9e jubilaire de la lumi\u00e8re de Pentec\u00f4te"},"content":{"rendered":"\n<figure class=\"wp-block-embed is-type-video is-provider-youtube wp-block-embed-youtube wp-embed-aspect-16-9 wp-has-aspect-ratio\"><div class=\"wp-block-embed__wrapper\">\n<iframe loading=\"lazy\" title=\"Cl\u00f4ture de l&#039;ann\u00e9e jubilaire de la Lumi\u00e8re\" width=\"1080\" height=\"608\" src=\"https:\/\/www.youtube.com\/embed\/ooBvF_ZqANc?feature=oembed\"  allow=\"accelerometer; autoplay; clipboard-write; encrypted-media; gyroscope; picture-in-picture; web-share\" referrerpolicy=\"strict-origin-when-cross-origin\" allowfullscreen><\/iframe>\n<\/div><\/figure>\n\n\n\n<p><\/p>\n\n\n\n<div data-wp-interactive=\"core\/file\" class=\"wp-block-file\"><object data-wp-bind--hidden=\"!state.hasPdfPreview\" hidden class=\"wp-block-file__embed\" data=\"https:\/\/lumiere.filles-de-la-charite.org\/wp-content\/uploads\/2024\/05\/FR-celebration-cloture-1.pdf\" type=\"application\/pdf\" style=\"width:100%;height:600px\" aria-label=\"Contenu embarqu\u00e9 [FR] c\u00e9l\u00e9bration cl\u00f4ture.\"><\/object><a id=\"wp-block-file--media-4ec54074-5644-4329-a49f-0ac95d6caaf3\" href=\"https:\/\/lumiere.filles-de-la-charite.org\/wp-content\/uploads\/2024\/05\/FR-celebration-cloture-1.pdf\" target=\"_blank\" rel=\"noreferrer noopener\">[FR] c\u00e9l\u00e9bration cl\u00f4ture<\/a><\/div>\n\n\n\n<div data-wp-interactive=\"core\/file\" class=\"wp-block-file\"><object data-wp-bind--hidden=\"!state.hasPdfPreview\" hidden class=\"wp-block-file__embed\" data=\"https:\/\/lumiere.filles-de-la-charite.org\/wp-content\/uploads\/2024\/05\/FR-temoignages-4-juin-2024.pdf\" type=\"application\/pdf\" style=\"width:100%;height:600px\" aria-label=\"Contenu embarqu\u00e9 [FR] t\u00e9moignages 4 juin 2024.\"><\/object><a id=\"wp-block-file--media-36446feb-5ea1-4f83-b34c-8989936cc148\" href=\"https:\/\/lumiere.filles-de-la-charite.org\/wp-content\/uploads\/2024\/05\/FR-temoignages-4-juin-2024.pdf\" target=\"_blank\" rel=\"noreferrer noopener\">[FR] t\u00e9moignages 4 juin 2024<\/a><\/div>\n","protected":false},"excerpt":{"rendered":"","protected":false},"author":2,"featured_media":6850,"comment_status":"closed","ping_status":"closed","sticky":false,"template":"","format":"standard","meta":{"_et_pb_use_builder":"","_et_pb_old_content":"","_et_gb_content_width":"","footnotes":""},"categories":[66,92,75],"tags":[],"class_list":["post-6856","post","type-post","status-publish","format-standard","has-post-thumbnail","hentry","category-a-la-une","category-programme","category-videos"],"_links":{"self":[{"href":"https:\/\/lumiere.filles-de-la-charite.org\/fr\/wp-json\/wp\/v2\/posts\/6856","targetHints":{"allow":["GET"]}}],"collection":[{"href":"https:\/\/lumiere.filles-de-la-charite.org\/fr\/wp-json\/wp\/v2\/posts"}],"about":[{"href":"https:\/\/lumiere.filles-de-la-charite.org\/fr\/wp-json\/wp\/v2\/types\/post"}],"author":[{"embeddable":true,"href":"https:\/\/lumiere.filles-de-la-charite.org\/fr\/wp-json\/wp\/v2\/users\/2"}],"replies":[{"embeddable":true,"href":"https:\/\/lumiere.filles-de-la-charite.org\/fr\/wp-json\/wp\/v2\/comments?post=6856"}],"version-history":[{"count":9,"href":"https:\/\/lumiere.filles-de-la-charite.org\/fr\/wp-json\/wp\/v2\/posts\/6856\/revisions"}],"predecessor-version":[{"id":7023,"href":"https:\/\/lumiere.filles-de-la-charite.org\/fr\/wp-json\/wp\/v2\/posts\/6856\/revisions\/7023"}],"wp:featuredmedia":[{"embeddable":true,"href":"https:\/\/lumiere.filles-de-la-charite.org\/fr\/wp-json\/wp\/v2\/media\/6850"}],"wp:attachment":[{"href":"https:\/\/lumiere.filles-de-la-charite.org\/fr\/wp-json\/wp\/v2\/media?parent=6856"}],"wp:term":[{"taxonomy":"category","embeddable":true,"href":"https:\/\/lumiere.filles-de-la-charite.org\/fr\/wp-json\/wp\/v2\/categories?post=6856"},{"taxonomy":"post_tag","embeddable":true,"href":"https:\/\/lumiere.filles-de-la-charite.org\/fr\/wp-json\/wp\/v2\/tags?post=6856"}],"curies":[{"name":"wp","href":"https:\/\/api.w.org\/{rel}","templated":true}]}}