{"id":6857,"date":"2024-05-31T17:19:33","date_gmt":"2024-05-31T15:19:33","guid":{"rendered":"https:\/\/lumiere.filles-de-la-charite.org\/?p=6857"},"modified":"2024-06-04T15:10:49","modified_gmt":"2024-06-04T13:10:49","slug":"closing-of-the-jubilee-year-of-the-lumiere-of-pentecost","status":"publish","type":"post","link":"https:\/\/lumiere.filles-de-la-charite.org\/it\/closing-of-the-jubilee-year-of-the-lumiere-of-pentecost\/","title":{"rendered":"Chiusura dell\u2019anno giubilare della \u201clumi\u00e8re\u201d di Pentecoste"},"content":{"rendered":"\n<figure class=\"wp-block-embed is-type-video is-provider-youtube wp-block-embed-youtube wp-embed-aspect-16-9 wp-has-aspect-ratio\"><div class=\"wp-block-embed__wrapper\">\n<iframe loading=\"lazy\" title=\"Cl\u00f4ture de l&#039;ann\u00e9e jubilaire de la Lumi\u00e8re de Pentec\u00f4te de Sainte Louise de Marillac\" width=\"1080\" height=\"608\" src=\"https:\/\/www.youtube.com\/embed\/ooBvF_ZqANc?feature=oembed\"  allow=\"accelerometer; autoplay; clipboard-write; encrypted-media; gyroscope; picture-in-picture; web-share\" referrerpolicy=\"strict-origin-when-cross-origin\" allowfullscreen><\/iframe>\n<\/div><\/figure>\n\n\n\n<p><\/p>\n\n\n\n<div data-wp-interactive=\"core\/file\" class=\"wp-block-file\"><object data-wp-bind--hidden=\"!state.hasPdfPreview\" hidden class=\"wp-block-file__embed\" data=\"https:\/\/lumiere.filles-de-la-charite.org\/wp-content\/uploads\/2024\/05\/IT-celebration-cloture-1.pdf\" type=\"application\/pdf\" style=\"width:100%;height:600px\" aria-label=\"Incorporamento di [IT] c\u00e9l\u00e9bration cl\u00f4ture.\"><\/object><a id=\"wp-block-file--media-dd4bccd8-3cab-45b2-9f1b-720ba68bcd46\" href=\"https:\/\/lumiere.filles-de-la-charite.org\/wp-content\/uploads\/2024\/05\/IT-celebration-cloture-1.pdf\" target=\"_blank\" rel=\"noreferrer noopener\">[IT] c\u00e9l\u00e9bration cl\u00f4ture<\/a><\/div>\n\n\n\n<div data-wp-interactive=\"core\/file\" class=\"wp-block-file\"><object data-wp-bind--hidden=\"!state.hasPdfPreview\" hidden class=\"wp-block-file__embed\" data=\"https:\/\/lumiere.filles-de-la-charite.org\/wp-content\/uploads\/2024\/05\/IT-temoignages-4-juin-2024.pdf\" type=\"application\/pdf\" style=\"width:100%;height:600px\" aria-label=\"Incorporamento di [IT] t\u00e9moignages 4 juin 2024.\"><\/object><a id=\"wp-block-file--media-1affe8ca-4959-4b43-943b-93ba6ad9feed\" href=\"https:\/\/lumiere.filles-de-la-charite.org\/wp-content\/uploads\/2024\/05\/IT-temoignages-4-juin-2024.pdf\" target=\"_blank\" rel=\"noreferrer noopener\">[IT] t\u00e9moignages 4 juin 2024<\/a><\/div>\n","protected":false},"excerpt":{"rendered":"","protected":false},"author":2,"featured_media":6851,"comment_status":"closed","ping_status":"closed","sticky":false,"template":"","format":"standard","meta":{"footnotes":""},"categories":[67,96,71],"tags":[],"class_list":["post-6857","post","type-post","status-publish","format-standard","has-post-thumbnail","hentry","category-in-primo-piano","category-programma","category-video-it"],"_links":{"self":[{"href":"https:\/\/lumiere.filles-de-la-charite.org\/it\/wp-json\/wp\/v2\/posts\/6857","targetHints":{"allow":["GET"]}}],"collection":[{"href":"https:\/\/lumiere.filles-de-la-charite.org\/it\/wp-json\/wp\/v2\/posts"}],"about":[{"href":"https:\/\/lumiere.filles-de-la-charite.org\/it\/wp-json\/wp\/v2\/types\/post"}],"author":[{"embeddable":true,"href":"https:\/\/lumiere.filles-de-la-charite.org\/it\/wp-json\/wp\/v2\/users\/2"}],"replies":[{"embeddable":true,"href":"https:\/\/lumiere.filles-de-la-charite.org\/it\/wp-json\/wp\/v2\/comments?post=6857"}],"version-history":[{"count":9,"href":"https:\/\/lumiere.filles-de-la-charite.org\/it\/wp-json\/wp\/v2\/posts\/6857\/revisions"}],"predecessor-version":[{"id":7021,"href":"https:\/\/lumiere.filles-de-la-charite.org\/it\/wp-json\/wp\/v2\/posts\/6857\/revisions\/7021"}],"wp:featuredmedia":[{"embeddable":true,"href":"https:\/\/lumiere.filles-de-la-charite.org\/it\/wp-json\/wp\/v2\/media\/6851"}],"wp:attachment":[{"href":"https:\/\/lumiere.filles-de-la-charite.org\/it\/wp-json\/wp\/v2\/media?parent=6857"}],"wp:term":[{"taxonomy":"category","embeddable":true,"href":"https:\/\/lumiere.filles-de-la-charite.org\/it\/wp-json\/wp\/v2\/categories?post=6857"},{"taxonomy":"post_tag","embeddable":true,"href":"https:\/\/lumiere.filles-de-la-charite.org\/it\/wp-json\/wp\/v2\/tags?post=6857"}],"curies":[{"name":"wp","href":"https:\/\/api.w.org\/{rel}","templated":true}]}}