{"id":6176,"date":"2024-05-09T18:49:48","date_gmt":"2024-05-09T16:49:48","guid":{"rendered":"https:\/\/lumiere.sjdigitaldemo.ovh\/servicio-en-otra-provincia-por-2-anos-lumiere\/"},"modified":"2024-05-10T19:13:04","modified_gmt":"2024-05-10T17:13:04","slug":"servicio-en-otra-provincia-por-2-anos-lumiere","status":"publish","type":"post","link":"https:\/\/lumiere.filles-de-la-charite.org\/pl\/servicio-en-otra-provincia-por-2-anos-lumiere\/","title":{"rendered":"Pos\u0142uga w innej Prowincji w ci\u0105gu dw\u00f3ch lat \u2013 Lumi\u00e8re"},"content":{"rendered":"\n<figure class=\"wp-block-embed is-type-video is-provider-youtube wp-block-embed-youtube wp-embed-aspect-16-9 wp-has-aspect-ratio\"><div class=\"wp-block-embed__wrapper\">\n<iframe loading=\"lazy\" title=\"PL Pos\u0142uga w innej Prowincji w ci\u0105gu dw\u00f3ch lat - Lumi\u00e8re\" width=\"1080\" height=\"608\" src=\"https:\/\/www.youtube.com\/embed\/ArLT80c0tKA?feature=oembed\"  allow=\"accelerometer; autoplay; clipboard-write; encrypted-media; gyroscope; picture-in-picture; web-share\" referrerpolicy=\"strict-origin-when-cross-origin\" allowfullscreen><\/iframe>\n<\/div><\/figure>\n","protected":false},"excerpt":{"rendered":"","protected":false},"author":2,"featured_media":6158,"comment_status":"open","ping_status":"closed","sticky":false,"template":"","format":"standard","meta":{"_et_pb_use_builder":"","_et_pb_old_content":"","_et_gb_content_width":"","footnotes":""},"categories":[70,68,72],"tags":[],"class_list":["post-6176","post","type-post","status-publish","format-standard","has-post-thumbnail","hentry","category-destacado","category-polecane","category-videos-en-pl"],"_links":{"self":[{"href":"https:\/\/lumiere.filles-de-la-charite.org\/pl\/wp-json\/wp\/v2\/posts\/6176","targetHints":{"allow":["GET"]}}],"collection":[{"href":"https:\/\/lumiere.filles-de-la-charite.org\/pl\/wp-json\/wp\/v2\/posts"}],"about":[{"href":"https:\/\/lumiere.filles-de-la-charite.org\/pl\/wp-json\/wp\/v2\/types\/post"}],"author":[{"embeddable":true,"href":"https:\/\/lumiere.filles-de-la-charite.org\/pl\/wp-json\/wp\/v2\/users\/2"}],"replies":[{"embeddable":true,"href":"https:\/\/lumiere.filles-de-la-charite.org\/pl\/wp-json\/wp\/v2\/comments?post=6176"}],"version-history":[{"count":1,"href":"https:\/\/lumiere.filles-de-la-charite.org\/pl\/wp-json\/wp\/v2\/posts\/6176\/revisions"}],"predecessor-version":[{"id":6181,"href":"https:\/\/lumiere.filles-de-la-charite.org\/pl\/wp-json\/wp\/v2\/posts\/6176\/revisions\/6181"}],"wp:featuredmedia":[{"embeddable":true,"href":"https:\/\/lumiere.filles-de-la-charite.org\/pl\/wp-json\/wp\/v2\/media\/6158"}],"wp:attachment":[{"href":"https:\/\/lumiere.filles-de-la-charite.org\/pl\/wp-json\/wp\/v2\/media?parent=6176"}],"wp:term":[{"taxonomy":"category","embeddable":true,"href":"https:\/\/lumiere.filles-de-la-charite.org\/pl\/wp-json\/wp\/v2\/categories?post=6176"},{"taxonomy":"post_tag","embeddable":true,"href":"https:\/\/lumiere.filles-de-la-charite.org\/pl\/wp-json\/wp\/v2\/tags?post=6176"}],"curies":[{"name":"wp","href":"https:\/\/api.w.org\/{rel}","templated":true}]}}