{"id":4915,"date":"2024-03-21T18:41:45","date_gmt":"2024-03-21T17:41:45","guid":{"rendered":"https:\/\/lumiere.sjdigitaldemo.ovh\/index.php\/2024\/03\/21\/exhibition-the-light-of-pentecost-from-saint-louise-to-the-present-day\/"},"modified":"2024-03-21T18:46:05","modified_gmt":"2024-03-21T17:46:05","slug":"exhibition-the-light-of-pentecost-from-saint-louise-to-the-present-day","status":"publish","type":"post","link":"https:\/\/lumiere.filles-de-la-charite.org\/pt-pt\/exhibition-the-light-of-pentecost-from-saint-louise-to-the-present-day\/","title":{"rendered":"Exposi\u00e7\u00e3o. A LUZ de Pentecostes: de Santa Lu\u00edsa\u2026 at\u00e9 os dias atuais"},"content":{"rendered":"\n<figure class=\"wp-block-embed is-type-video is-provider-youtube wp-block-embed-youtube wp-embed-aspect-16-9 wp-has-aspect-ratio\"><div class=\"wp-block-embed__wrapper\">\n<iframe loading=\"lazy\" title=\"Exposition. La LUMIERE de Pentec\u00f4te: de Sainte Louise\u2026 \u00e0 nos jours\" width=\"1080\" height=\"608\" src=\"https:\/\/www.youtube.com\/embed\/qz08eJGJ894?feature=oembed\"  allow=\"accelerometer; autoplay; clipboard-write; encrypted-media; gyroscope; picture-in-picture; web-share\" allowfullscreen><\/iframe>\n<\/div><\/figure>\n\n\n\n<p><\/p>\n\n\n\n<div data-wp-interactive=\"core\/file\" class=\"wp-block-file\"><object data-wp-bind--hidden=\"!state.hasPdfPreview\" hidden class=\"wp-block-file__embed\" data=\"https:\/\/lumiere.filles-de-la-charite.org\/wp-content\/uploads\/2024\/03\/text-Exposition-Lumiere-PT.pdf\" type=\"application\/pdf\" style=\"width:100%;height:600px\" aria-label=\"Incorpora\u00e7\u00e3o de text-Exposition-Lumiere-PT.\"><\/object><a id=\"wp-block-file--media-25bd2eaa-3bd7-450c-b1bd-417d47b43e9a\" href=\"https:\/\/lumiere.filles-de-la-charite.org\/wp-content\/uploads\/2024\/03\/text-Exposition-Lumiere-PT.pdf\" target=\"_blank\" rel=\"noreferrer noopener\">text-Exposition-Lumiere-PT<\/a><\/div>\n\n\n\n<p><\/p>\n\n\n\n<div data-wp-interactive=\"core\/file\" class=\"wp-block-file\"><object data-wp-bind--hidden=\"!state.hasPdfPreview\" hidden class=\"wp-block-file__embed\" data=\"https:\/\/lumiere.filles-de-la-charite.org\/wp-content\/uploads\/2024\/03\/exposition-lumire-WEB-PT.pdf\" type=\"application\/pdf\" style=\"width:100%;height:600px\" aria-label=\"Incorpora\u00e7\u00e3o de exposition-lumire-WEB-PT.\"><\/object><a id=\"wp-block-file--media-7ea7a95e-d851-4bc5-9ec1-4b9ee9423a37\" href=\"https:\/\/lumiere.filles-de-la-charite.org\/wp-content\/uploads\/2024\/03\/exposition-lumire-WEB-PT.pdf\" target=\"_blank\" rel=\"noreferrer noopener\">exposition-lumire-WEB-PT<\/a><\/div>\n\n\n\n<p><\/p>\n","protected":false},"excerpt":{"rendered":"","protected":false},"author":2,"featured_media":4260,"comment_status":"open","ping_status":"closed","sticky":false,"template":"","format":"standard","meta":{"footnotes":""},"categories":[73],"tags":[],"class_list":["post-4915","post","type-post","status-publish","format-standard","has-post-thumbnail","hentry","category-videos-en-pt-pt"],"_links":{"self":[{"href":"https:\/\/lumiere.filles-de-la-charite.org\/pt-pt\/wp-json\/wp\/v2\/posts\/4915","targetHints":{"allow":["GET"]}}],"collection":[{"href":"https:\/\/lumiere.filles-de-la-charite.org\/pt-pt\/wp-json\/wp\/v2\/posts"}],"about":[{"href":"https:\/\/lumiere.filles-de-la-charite.org\/pt-pt\/wp-json\/wp\/v2\/types\/post"}],"author":[{"embeddable":true,"href":"https:\/\/lumiere.filles-de-la-charite.org\/pt-pt\/wp-json\/wp\/v2\/users\/2"}],"replies":[{"embeddable":true,"href":"https:\/\/lumiere.filles-de-la-charite.org\/pt-pt\/wp-json\/wp\/v2\/comments?post=4915"}],"version-history":[{"count":3,"href":"https:\/\/lumiere.filles-de-la-charite.org\/pt-pt\/wp-json\/wp\/v2\/posts\/4915\/revisions"}],"predecessor-version":[{"id":4931,"href":"https:\/\/lumiere.filles-de-la-charite.org\/pt-pt\/wp-json\/wp\/v2\/posts\/4915\/revisions\/4931"}],"wp:featuredmedia":[{"embeddable":true,"href":"https:\/\/lumiere.filles-de-la-charite.org\/pt-pt\/wp-json\/wp\/v2\/media\/4260"}],"wp:attachment":[{"href":"https:\/\/lumiere.filles-de-la-charite.org\/pt-pt\/wp-json\/wp\/v2\/media?parent=4915"}],"wp:term":[{"taxonomy":"category","embeddable":true,"href":"https:\/\/lumiere.filles-de-la-charite.org\/pt-pt\/wp-json\/wp\/v2\/categories?post=4915"},{"taxonomy":"post_tag","embeddable":true,"href":"https:\/\/lumiere.filles-de-la-charite.org\/pt-pt\/wp-json\/wp\/v2\/tags?post=4915"}],"curies":[{"name":"wp","href":"https:\/\/api.w.org\/{rel}","templated":true}]}}