{"id":6859,"date":"2024-05-31T17:19:33","date_gmt":"2024-05-31T15:19:33","guid":{"rendered":"https:\/\/lumiere.filles-de-la-charite.org\/?p=6859"},"modified":"2024-06-04T15:09:25","modified_gmt":"2024-06-04T13:09:25","slug":"closing-of-the-jubilee-year-of-the-lumiere-of-pentecost","status":"publish","type":"post","link":"https:\/\/lumiere.filles-de-la-charite.org\/pt-pt\/closing-of-the-jubilee-year-of-the-lumiere-of-pentecost\/","title":{"rendered":"Encerramento do Ano Jubilar da Luz de Pentecostes"},"content":{"rendered":"\n<figure class=\"wp-block-embed is-type-video is-provider-youtube wp-block-embed-youtube wp-embed-aspect-16-9 wp-has-aspect-ratio\"><div class=\"wp-block-embed__wrapper\">\n<iframe loading=\"lazy\" title=\"Cl\u00f4ture de l&#039;ann\u00e9e jubilaire de la Lumi\u00e8re\" width=\"1080\" height=\"608\" src=\"https:\/\/www.youtube.com\/embed\/ooBvF_ZqANc?feature=oembed\"  allow=\"accelerometer; autoplay; clipboard-write; encrypted-media; gyroscope; picture-in-picture; web-share\" referrerpolicy=\"strict-origin-when-cross-origin\" allowfullscreen><\/iframe>\n<\/div><\/figure>\n\n\n\n<p><\/p>\n\n\n\n<div data-wp-interactive=\"core\/file\" class=\"wp-block-file\"><object data-wp-bind--hidden=\"!state.hasPdfPreview\" hidden class=\"wp-block-file__embed\" data=\"https:\/\/lumiere.filles-de-la-charite.org\/wp-content\/uploads\/2024\/05\/PT-celebration-cloture-1.pdf\" type=\"application\/pdf\" style=\"width:100%;height:600px\" aria-label=\"Incorpora\u00e7\u00e3o de [PT] c\u00e9l\u00e9bration cl\u00f4ture.\"><\/object><a id=\"wp-block-file--media-6364184e-80a3-4e5c-991c-4abbfc16fedc\" href=\"https:\/\/lumiere.filles-de-la-charite.org\/wp-content\/uploads\/2024\/05\/PT-celebration-cloture-1.pdf\" target=\"_blank\" rel=\"noreferrer noopener\">[PT] c\u00e9l\u00e9bration cl\u00f4ture<\/a><\/div>\n\n\n\n<div data-wp-interactive=\"core\/file\" class=\"wp-block-file\"><object data-wp-bind--hidden=\"!state.hasPdfPreview\" hidden class=\"wp-block-file__embed\" data=\"https:\/\/lumiere.filles-de-la-charite.org\/wp-content\/uploads\/2024\/05\/PT-temoignages-4-juin-2024.pdf\" type=\"application\/pdf\" style=\"width:100%;height:600px\" aria-label=\"Incorpora\u00e7\u00e3o de [PT] t\u00e9moignages 4 juin 2024.\"><\/object><a id=\"wp-block-file--media-fbeaf2a1-6854-4ca8-a567-281a576181bb\" href=\"https:\/\/lumiere.filles-de-la-charite.org\/wp-content\/uploads\/2024\/05\/PT-temoignages-4-juin-2024.pdf\" target=\"_blank\" rel=\"noreferrer noopener\">[PT] t\u00e9moignages 4 juin 2024<\/a><\/div>\n","protected":false},"excerpt":{"rendered":"","protected":false},"author":2,"featured_media":6853,"comment_status":"closed","ping_status":"closed","sticky":false,"template":"","format":"standard","meta":{"_et_pb_use_builder":"","_et_pb_old_content":"","_et_gb_content_width":"","footnotes":""},"categories":[69,95,73],"tags":[],"class_list":["post-6859","post","type-post","status-publish","format-standard","has-post-thumbnail","hentry","category-destaque","category-programa-pt-pt","category-videos-en-pt-pt"],"_links":{"self":[{"href":"https:\/\/lumiere.filles-de-la-charite.org\/pt-pt\/wp-json\/wp\/v2\/posts\/6859","targetHints":{"allow":["GET"]}}],"collection":[{"href":"https:\/\/lumiere.filles-de-la-charite.org\/pt-pt\/wp-json\/wp\/v2\/posts"}],"about":[{"href":"https:\/\/lumiere.filles-de-la-charite.org\/pt-pt\/wp-json\/wp\/v2\/types\/post"}],"author":[{"embeddable":true,"href":"https:\/\/lumiere.filles-de-la-charite.org\/pt-pt\/wp-json\/wp\/v2\/users\/2"}],"replies":[{"embeddable":true,"href":"https:\/\/lumiere.filles-de-la-charite.org\/pt-pt\/wp-json\/wp\/v2\/comments?post=6859"}],"version-history":[{"count":9,"href":"https:\/\/lumiere.filles-de-la-charite.org\/pt-pt\/wp-json\/wp\/v2\/posts\/6859\/revisions"}],"predecessor-version":[{"id":7026,"href":"https:\/\/lumiere.filles-de-la-charite.org\/pt-pt\/wp-json\/wp\/v2\/posts\/6859\/revisions\/7026"}],"wp:featuredmedia":[{"embeddable":true,"href":"https:\/\/lumiere.filles-de-la-charite.org\/pt-pt\/wp-json\/wp\/v2\/media\/6853"}],"wp:attachment":[{"href":"https:\/\/lumiere.filles-de-la-charite.org\/pt-pt\/wp-json\/wp\/v2\/media?parent=6859"}],"wp:term":[{"taxonomy":"category","embeddable":true,"href":"https:\/\/lumiere.filles-de-la-charite.org\/pt-pt\/wp-json\/wp\/v2\/categories?post=6859"},{"taxonomy":"post_tag","embeddable":true,"href":"https:\/\/lumiere.filles-de-la-charite.org\/pt-pt\/wp-json\/wp\/v2\/tags?post=6859"}],"curies":[{"name":"wp","href":"https:\/\/api.w.org\/{rel}","templated":true}]}}